{"id":1275,"count":0,"description":"Den zeitgen\u00f6ssischen Anforderungen des K\u00fcchenbereichs gerecht zu werden, bedeutet f\u00fcr Boffi, die Elemente, aus denen sie besteht, zweckm\u00e4\u00dfig zu gestalten und L\u00f6sungen anzubieten, die f\u00fcr das t\u00e4gliche Leben geeignet sind.\r\n\r\nBoffi definiert das Konzept von moderner K\u00fcche neu, indem es Funktionalit\u00e4t und \u00c4sthetik in jedem Erg\u00e4nzungsm\u00f6bel f\u00fcr K\u00fcchen integriert: von den Schrankelementen zu den Regalen, \u00fcber die Sp\u00fclbecken zu den Arbeitsplatten, bis hin zu den Halbinseln und Griffen.","link":"https:\/\/www.boffi.com\/de\/collection\/kuechen\/ergaenzungsmoebel-kueche\/","name":"Erg\u00e4nzungsm\u00f6bel K\u00fcche","slug":"ergaenzungsmoebel-kueche","taxonomy":"boffi_collections_category","parent":1264,"meta":[],"acf":[],"yoast_head":"<!-- This site is optimized with the Yoast SEO plugin v26.9 - https:\/\/yoast.com\/product\/yoast-seo-wordpress\/ -->\n<title>Erg\u00e4nzungsm\u00f6bel K\u00fcche | Boffi Official Site<\/title>\n<meta name=\"robots\" content=\"index, follow, max-snippet:-1, max-image-preview:large, max-video-preview:-1\" \/>\n<link rel=\"canonical\" href=\"https:\/\/www.boffi.com\/de\/collection\/kuechen\/ergaenzungsmoebel-kueche\/\" \/>\n<meta property=\"og:locale\" content=\"de_DE\" \/>\n<meta property=\"og:type\" content=\"article\" \/>\n<meta property=\"og:title\" content=\"Erg\u00e4nzungsm\u00f6bel K\u00fcche | Boffi Official Site\" \/>\n<meta property=\"og:description\" content=\"Den zeitgen\u00f6ssischen Anforderungen des K\u00fcchenbereichs gerecht zu werden, bedeutet f\u00fcr Boffi, die Elemente, aus denen sie besteht, zweckm\u00e4\u00dfig zu gestalten und L\u00f6sungen anzubieten, die f\u00fcr das t\u00e4gliche Leben geeignet sind. Boffi definiert das Konzept von moderner K\u00fcche neu, indem es Funktionalit\u00e4t und \u00c4sthetik in jedem Erg\u00e4nzungsm\u00f6bel f\u00fcr K\u00fcchen integriert: von den Schrankelementen zu den Regalen, \u00fcber die Sp\u00fclbecken zu den Arbeitsplatten, bis hin zu den Halbinseln und Griffen.\" \/>\n<meta property=\"og:url\" content=\"https:\/\/www.boffi.com\/de\/collection\/kuechen\/ergaenzungsmoebel-kueche\/\" \/>\n<meta property=\"og:site_name\" content=\"Boffi Official Site\" \/>\n<meta property=\"og:image\" content=\"https:\/\/www.boffi.com\/wp-content\/uploads\/2024\/01\/Boffi90_Logo_1200x1200.png\" \/>\n\t<meta property=\"og:image:width\" content=\"1200\" \/>\n\t<meta property=\"og:image:height\" content=\"1200\" \/>\n\t<meta property=\"og:image:type\" content=\"image\/png\" \/>\n<meta name=\"twitter:card\" content=\"summary_large_image\" \/>\n<script type=\"application\/ld+json\" class=\"yoast-schema-graph\">{\"@context\":\"https:\/\/schema.org\",\"@graph\":[{\"@type\":\"CollectionPage\",\"@id\":\"https:\/\/www.boffi.com\/de\/collection\/kuechen\/ergaenzungsmoebel-kueche\/\",\"url\":\"https:\/\/www.boffi.com\/de\/collection\/kuechen\/ergaenzungsmoebel-kueche\/\",\"name\":\"Erg\u00e4nzungsm\u00f6bel K\u00fcche | Boffi Official Site\",\"isPartOf\":{\"@id\":\"https:\/\/www.boffi.com\/de\/#website\"},\"breadcrumb\":{\"@id\":\"https:\/\/www.boffi.com\/de\/collection\/kuechen\/ergaenzungsmoebel-kueche\/#breadcrumb\"},\"inLanguage\":\"de\"},{\"@type\":\"BreadcrumbList\",\"@id\":\"https:\/\/www.boffi.com\/de\/collection\/kuechen\/ergaenzungsmoebel-kueche\/#breadcrumb\",\"itemListElement\":[{\"@type\":\"ListItem\",\"position\":1,\"name\":\"Collections\",\"item\":\"https:\/\/www.boffi.com\/de\/boffi_collections\/\"},{\"@type\":\"ListItem\",\"position\":2,\"name\":\"K\u00fcchen\",\"item\":\"https:\/\/www.boffi.com\/de\/collection\/kuechen\/\"},{\"@type\":\"ListItem\",\"position\":3,\"name\":\"Erg\u00e4nzungsm\u00f6bel K\u00fcche\"}]},{\"@type\":\"WebSite\",\"@id\":\"https:\/\/www.boffi.com\/de\/#website\",\"url\":\"https:\/\/www.boffi.com\/de\/\",\"name\":\"Boffi\",\"description\":\"\",\"publisher\":{\"@id\":\"https:\/\/www.boffi.com\/de\/#organization\"},\"potentialAction\":[{\"@type\":\"SearchAction\",\"target\":{\"@type\":\"EntryPoint\",\"urlTemplate\":\"https:\/\/www.boffi.com\/de\/?s={search_term_string}\"},\"query-input\":{\"@type\":\"PropertyValueSpecification\",\"valueRequired\":true,\"valueName\":\"search_term_string\"}}],\"inLanguage\":\"de\"},{\"@type\":\"Organization\",\"@id\":\"https:\/\/www.boffi.com\/de\/#organization\",\"name\":\"Boffi\",\"url\":\"https:\/\/www.boffi.com\/de\/\",\"logo\":{\"@type\":\"ImageObject\",\"inLanguage\":\"de\",\"@id\":\"https:\/\/www.boffi.com\/de\/#\/schema\/logo\/image\/\",\"url\":\"https:\/\/www.boffi.com\/wp-content\/uploads\/2024\/01\/Boffi90_Logo_1200x1200.png\",\"contentUrl\":\"https:\/\/www.boffi.com\/wp-content\/uploads\/2024\/01\/Boffi90_Logo_1200x1200.png\",\"width\":1200,\"height\":1200,\"caption\":\"Boffi\"},\"image\":{\"@id\":\"https:\/\/www.boffi.com\/de\/#\/schema\/logo\/image\/\"},\"sameAs\":[\"https:\/\/www.facebook.com\/BoffiOfficial\/\",\"https:\/\/www.instagram.com\/boffi_official\/\",\"https:\/\/www.pinterest.it\/boffidepadova\/\"]}]}<\/script>\n<!-- \/ Yoast SEO plugin. -->","yoast_head_json":{"title":"Erg\u00e4nzungsm\u00f6bel K\u00fcche | Boffi Official Site","robots":{"index":"index","follow":"follow","max-snippet":"max-snippet:-1","max-image-preview":"max-image-preview:large","max-video-preview":"max-video-preview:-1"},"canonical":"https:\/\/www.boffi.com\/de\/collection\/kuechen\/ergaenzungsmoebel-kueche\/","og_locale":"de_DE","og_type":"article","og_title":"Erg\u00e4nzungsm\u00f6bel K\u00fcche | Boffi Official Site","og_description":"Den zeitgen\u00f6ssischen Anforderungen des K\u00fcchenbereichs gerecht zu werden, bedeutet f\u00fcr Boffi, die Elemente, aus denen sie besteht, zweckm\u00e4\u00dfig zu gestalten und L\u00f6sungen anzubieten, die f\u00fcr das t\u00e4gliche Leben geeignet sind. Boffi definiert das Konzept von moderner K\u00fcche neu, indem es Funktionalit\u00e4t und \u00c4sthetik in jedem Erg\u00e4nzungsm\u00f6bel f\u00fcr K\u00fcchen integriert: von den Schrankelementen zu den Regalen, \u00fcber die Sp\u00fclbecken zu den Arbeitsplatten, bis hin zu den Halbinseln und Griffen.","og_url":"https:\/\/www.boffi.com\/de\/collection\/kuechen\/ergaenzungsmoebel-kueche\/","og_site_name":"Boffi Official Site","og_image":[{"width":1200,"height":1200,"url":"https:\/\/www.boffi.com\/wp-content\/uploads\/2024\/01\/Boffi90_Logo_1200x1200.png","type":"image\/png"}],"twitter_card":"summary_large_image","schema":{"@context":"https:\/\/schema.org","@graph":[{"@type":"CollectionPage","@id":"https:\/\/www.boffi.com\/de\/collection\/kuechen\/ergaenzungsmoebel-kueche\/","url":"https:\/\/www.boffi.com\/de\/collection\/kuechen\/ergaenzungsmoebel-kueche\/","name":"Erg\u00e4nzungsm\u00f6bel K\u00fcche | Boffi Official Site","isPartOf":{"@id":"https:\/\/www.boffi.com\/de\/#website"},"breadcrumb":{"@id":"https:\/\/www.boffi.com\/de\/collection\/kuechen\/ergaenzungsmoebel-kueche\/#breadcrumb"},"inLanguage":"de"},{"@type":"BreadcrumbList","@id":"https:\/\/www.boffi.com\/de\/collection\/kuechen\/ergaenzungsmoebel-kueche\/#breadcrumb","itemListElement":[{"@type":"ListItem","position":1,"name":"Collections","item":"https:\/\/www.boffi.com\/de\/boffi_collections\/"},{"@type":"ListItem","position":2,"name":"K\u00fcchen","item":"https:\/\/www.boffi.com\/de\/collection\/kuechen\/"},{"@type":"ListItem","position":3,"name":"Erg\u00e4nzungsm\u00f6bel K\u00fcche"}]},{"@type":"WebSite","@id":"https:\/\/www.boffi.com\/de\/#website","url":"https:\/\/www.boffi.com\/de\/","name":"Boffi","description":"","publisher":{"@id":"https:\/\/www.boffi.com\/de\/#organization"},"potentialAction":[{"@type":"SearchAction","target":{"@type":"EntryPoint","urlTemplate":"https:\/\/www.boffi.com\/de\/?s={search_term_string}"},"query-input":{"@type":"PropertyValueSpecification","valueRequired":true,"valueName":"search_term_string"}}],"inLanguage":"de"},{"@type":"Organization","@id":"https:\/\/www.boffi.com\/de\/#organization","name":"Boffi","url":"https:\/\/www.boffi.com\/de\/","logo":{"@type":"ImageObject","inLanguage":"de","@id":"https:\/\/www.boffi.com\/de\/#\/schema\/logo\/image\/","url":"https:\/\/www.boffi.com\/wp-content\/uploads\/2024\/01\/Boffi90_Logo_1200x1200.png","contentUrl":"https:\/\/www.boffi.com\/wp-content\/uploads\/2024\/01\/Boffi90_Logo_1200x1200.png","width":1200,"height":1200,"caption":"Boffi"},"image":{"@id":"https:\/\/www.boffi.com\/de\/#\/schema\/logo\/image\/"},"sameAs":["https:\/\/www.facebook.com\/BoffiOfficial\/","https:\/\/www.instagram.com\/boffi_official\/","https:\/\/www.pinterest.it\/boffidepadova\/"]}]}},"_links":{"self":[{"href":"https:\/\/www.boffi.com\/de\/wp-json\/wp\/v2\/boffi_collections_category\/1275","targetHints":{"allow":["GET"]}}],"collection":[{"href":"https:\/\/www.boffi.com\/de\/wp-json\/wp\/v2\/boffi_collections_category"}],"about":[{"href":"https:\/\/www.boffi.com\/de\/wp-json\/wp\/v2\/taxonomies\/boffi_collections_category"}],"up":[{"embeddable":true,"href":"https:\/\/www.boffi.com\/de\/wp-json\/wp\/v2\/boffi_collections_category\/1264"}],"wp:post_type":[{"href":"https:\/\/www.boffi.com\/de\/wp-json\/wp\/v2\/boffi_collections?boffi_collections_category=1275"}],"curies":[{"name":"wp","href":"https:\/\/api.w.org\/{rel}","templated":true}]}}